{"id":615,"date":"2024-09-20T14:01:14","date_gmt":"2024-09-20T17:01:14","guid":{"rendered":"https:\/\/sbu.uenp.edu.br\/clm\/?p=615"},"modified":"2024-09-27T11:48:08","modified_gmt":"2024-09-27T14:48:08","slug":"vaga-para-recem-graduados-idr-parana","status":"publish","type":"post","link":"https:\/\/sbu.uenp.edu.br\/clm\/estagio-profissional\/vaga-para-recem-graduados-idr-parana\/","title":{"rendered":"Vagas \u2013 Rec\u00e9m-graduados"},"content":{"rendered":"<hr \/>\n<p><span style=\"font-family: verdana, geneva, sans-serif\">Est\u00e1 dispon\u00edvel uma vaga de est\u00e1gio para rec\u00e9m-graduados com interesse em t\u00e9cnicas de cultivo de tecidos in vitro. O candidato selecionado receber\u00e1 treinamento pr\u00e1tico e dever\u00e1 realizar tratos culturais em viveiros, al\u00e9m de manter pl\u00e2ntulas em frascos de cultivo.<\/span><\/p>\n<p><span style=\"font-family: verdana, geneva, sans-serif\"><strong>Requisitos:<\/strong><\/span><\/p>\n<ul>\n<li><span style=\"font-family: verdana, geneva, sans-serif\">Gradua\u00e7\u00e3o em Biologia ou Agronomia;<\/span><\/li>\n<li><span style=\"font-family: verdana, geneva, sans-serif\">Habilidades b\u00e1sicas em microscopia de campo claro s\u00e3o desej\u00e1veis;<\/span><\/li>\n<li><span style=\"font-family: verdana, geneva, sans-serif\">Disponibilidade para iniciar imediatamente.<\/span><\/li>\n<\/ul>\n<p><span style=\"font-family: verdana, geneva, sans-serif\"><strong>Benef\u00edcios:<\/strong><\/span><\/p>\n<ul>\n<li><span style=\"font-family: verdana, geneva, sans-serif\">Bolsa mensal de R$ 1.350,00;<\/span><\/li>\n<li><span style=\"font-family: verdana, geneva, sans-serif\">Dura\u00e7\u00e3o de 4 meses.<\/span><\/li>\n<\/ul>\n<p><span style=\"font-family: verdana, geneva, sans-serif\">Para mais informa\u00e7\u00f5es, entre em contato pelo e-mail: <strong><a href=\"mailto:paula.angelo@embrapa.br\" target=\"_blank\" rel=\"noopener\">paula.angelo@embrapa.br<\/a><\/strong><\/span><\/p>\n<p><span style=\"font-family: verdana, geneva, sans-serif\"><strong>Fonte<\/strong>: IDR-Paran\u00e1.<\/span><\/p>\n","protected":false},"excerpt":{"rendered":"","protected":false},"author":4,"featured_media":609,"comment_status":"closed","ping_status":"open","sticky":false,"template":"","format":"standard","meta":{"footnotes":""},"categories":[22],"tags":[23,24],"class_list":["post-615","post","type-post","status-publish","format-standard","has-post-thumbnail","hentry","category-estagio-profissional","tag-agronomia","tag-ciencias-biologicas"],"_links":{"self":[{"href":"https:\/\/sbu.uenp.edu.br\/clm\/wp-json\/wp\/v2\/posts\/615","targetHints":{"allow":["GET"]}}],"collection":[{"href":"https:\/\/sbu.uenp.edu.br\/clm\/wp-json\/wp\/v2\/posts"}],"about":[{"href":"https:\/\/sbu.uenp.edu.br\/clm\/wp-json\/wp\/v2\/types\/post"}],"author":[{"embeddable":true,"href":"https:\/\/sbu.uenp.edu.br\/clm\/wp-json\/wp\/v2\/users\/4"}],"replies":[{"embeddable":true,"href":"https:\/\/sbu.uenp.edu.br\/clm\/wp-json\/wp\/v2\/comments?post=615"}],"version-history":[{"count":12,"href":"https:\/\/sbu.uenp.edu.br\/clm\/wp-json\/wp\/v2\/posts\/615\/revisions"}],"predecessor-version":[{"id":798,"href":"https:\/\/sbu.uenp.edu.br\/clm\/wp-json\/wp\/v2\/posts\/615\/revisions\/798"}],"wp:featuredmedia":[{"embeddable":true,"href":"https:\/\/sbu.uenp.edu.br\/clm\/wp-json\/wp\/v2\/media\/609"}],"wp:attachment":[{"href":"https:\/\/sbu.uenp.edu.br\/clm\/wp-json\/wp\/v2\/media?parent=615"}],"wp:term":[{"taxonomy":"category","embeddable":true,"href":"https:\/\/sbu.uenp.edu.br\/clm\/wp-json\/wp\/v2\/categories?post=615"},{"taxonomy":"post_tag","embeddable":true,"href":"https:\/\/sbu.uenp.edu.br\/clm\/wp-json\/wp\/v2\/tags?post=615"}],"curies":[{"name":"wp","href":"https:\/\/api.w.org\/{rel}","templated":true}]}}