{"id":2000,"date":"2026-03-24T16:22:23","date_gmt":"2026-03-24T19:22:23","guid":{"rendered":"https:\/\/sbu.uenp.edu.br\/clm\/?p=2000"},"modified":"2026-03-24T16:25:54","modified_gmt":"2026-03-24T19:25:54","slug":"vagased0032026","status":"publish","type":"post","link":"https:\/\/sbu.uenp.edu.br\/clm\/divulgacao\/vagased0032026\/","title":{"rendered":"Vagas de est\u00e1gio (Edital n.\u00ba 003\/2026)"},"content":{"rendered":"<p><span style=\"font-family: verdana, geneva, sans-serif;font-size: 12pt\">O Campus Luiz Meneghel da Universidade Estadual do Norte do Paran\u00e1 (UENP), torna p\u00fablica a abertura do processo seletivo para contrata\u00e7\u00e3o de estagi\u00e1rios. A Biblioteca oferece duas vagas para estudantes de diferentes n\u00edveis de ensino.<\/span><\/p>\n<p><span style=\"font-family: verdana, geneva, sans-serif\"><strong><span style=\"font-size: 12pt\">VAGAS DISPON\u00cdVEIS NA BIBLIOTECA<\/span><\/strong><\/span><\/p>\n<ul>\n<li><span style=\"font-family: verdana, geneva, sans-serif;font-size: 12pt\">Vaga 07 \u2013 <strong>Ensino M\u00e9dio<\/strong>: destinada a estudantes matriculados no ensino m\u00e9dio. A carga hor\u00e1ria \u00e9 de 20 horas semanais, com hor\u00e1rio das 14h15 \u00e0s 18h15. As atividades s\u00e3o as mesmas da vaga de n\u00edvel superior: empr\u00e9stimo e organiza\u00e7\u00e3o de livros, atendimento a usu\u00e1rios, alimenta\u00e7\u00e3o de sistemas informatizados, elabora\u00e7\u00e3o de planilhas e relat\u00f3rios, e apoio \u00e0s atividades administrativas.<\/span><\/li>\n<li><span style=\"font-family: verdana, geneva, sans-serif\">Vaga 01 \u2013 <strong>Ensino Superior<\/strong>: destinada a estudantes matriculados em curso de gradua\u00e7\u00e3o em Sistemas de Informa\u00e7\u00e3o ou Computa\u00e7\u00e3o. A carga hor\u00e1ria \u00e9 de 30 horas semanais, com hor\u00e1rio das 7h45 \u00e0s 13h45. As atividades incluem empr\u00e9stimo e organiza\u00e7\u00e3o de livros, atendimento a usu\u00e1rios, alimenta\u00e7\u00e3o de sistemas informatizados, elabora\u00e7\u00e3o de planilhas e relat\u00f3rios, al\u00e9m de apoio \u00e0s atividades administrativas.<\/span><\/li>\n<\/ul>\n<p><span style=\"font-family: verdana, geneva, sans-serif\"><strong><span style=\"font-size: 12pt\">REMUNERA\u00c7\u00c3O E BENEF\u00cdCIOS<\/span><\/strong><\/span><\/p>\n<ul>\n<li><span style=\"font-family: verdana, geneva, sans-serif;font-size: 12pt\">O valor da bolsa para estagi\u00e1rios de n\u00edvel superior \u00e9 de R$ 10,00 por hora trabalhada. <\/span><\/li>\n<li><span style=\"font-family: verdana, geneva, sans-serif;font-size: 12pt\">Para estagi\u00e1rios de n\u00edvel m\u00e9dio, o valor \u00e9 de R$ 7,77 por hora trabalhada. <\/span><\/li>\n<\/ul>\n<p><span style=\"font-family: verdana, geneva, sans-serif;font-size: 12pt\">Al\u00e9m da bolsa, o estagi\u00e1rio receber\u00e1 aux\u00edlio-transporte no valor de R$ 9,50 por dia trabalhado, referente ao custo de ida e volta do est\u00e1gio. <\/span><\/p>\n<p><span style=\"font-family: verdana, geneva, sans-serif;font-size: 12pt\">O contrato ter\u00e1 dura\u00e7\u00e3o de um ano, podendo ser prorrogado uma \u00fanica vez pelo mesmo per\u00edodo.<\/span><\/p>\n<p><strong><span style=\"font-family: verdana, geneva, sans-serif;font-size: 12pt\">CRONOGRAMA DO PROCESSO SELETIVO<\/span><\/strong><\/p>\n<ul>\n<li><span style=\"font-family: verdana, geneva, sans-serif;font-size: 12pt\">As inscri\u00e7\u00f5es ser\u00e3o realizadas no per\u00edodo de 25 de mar\u00e7o a 02 de abril de 2026. <\/span><\/li>\n<li><span style=\"font-family: verdana, geneva, sans-serif;font-size: 12pt\">A homologa\u00e7\u00e3o das inscri\u00e7\u00f5es ser\u00e1 publicada at\u00e9 o dia 03 de abril de 2026. <\/span><\/li>\n<li><span style=\"font-family: verdana, geneva, sans-serif;font-size: 12pt\">As entrevistas presenciais com os respons\u00e1veis pelo setor ocorrer\u00e3o nos dias 07 e 08 de abril de 2026. <\/span><\/li>\n<li><span style=\"font-family: verdana, geneva, sans-serif;font-size: 12pt\">O resultado final ser\u00e1 divulgado at\u00e9 o dia 13 de abril de 2026. <\/span><\/li>\n<li><span style=\"font-family: verdana, geneva, sans-serif;font-size: 12pt\">Os candidatos aprovados dever\u00e3o apresentar a documenta\u00e7\u00e3o para contrata\u00e7\u00e3o nos dias 15 e 16 de abril de 2026.<\/span><\/li>\n<li><span style=\"font-family: verdana, geneva, sans-serif;font-size: 12pt\">In\u00edcio das atividades previsto para o dia 20 de abril de 2026.<\/span><\/li>\n<\/ul>\n<p><strong><span style=\"font-family: verdana, geneva, sans-serif;font-size: 12pt\">COMO SE INSCREVER<\/span><\/strong><\/p>\n<p><span style=\"font-family: verdana, geneva, sans-serif;font-size: 12pt\">A inscri\u00e7\u00e3o ser\u00e1 realizada exclusivamente atrav\u00e9s do site da Central de Est\u00e1gio do Estado do Paran\u00e1, no endere\u00e7o <a href=\"http:\/\/www.estagioparana.pr.gov.br\" target=\"_blank\" rel=\"noopener\">www.estagioparana.pr.gov.br<\/a>. O estudante dever\u00e1 primeiro se cadastrar no site, criando uma senha pessoal. Ap\u00f3s o cadastro, o candidato dever\u00e1 buscar pela vaga e efetivar sua inscri\u00e7\u00e3o na vaga espec\u00edfica da Biblioteca. A inscri\u00e7\u00e3o \u00e9 gratuita.<\/span><\/p>\n<p><strong><span style=\"font-family: verdana, geneva, sans-serif;font-size: 12pt\">PR\u00c9-REQUISITOS<\/span><\/strong><\/p>\n<ul>\n<li><span style=\"font-family: verdana, geneva, sans-serif;font-size: 12pt\">O candidato deve ter 16 anos completos ou mais. <\/span><\/li>\n<li><span style=\"font-family: verdana, geneva, sans-serif;font-size: 12pt\">N\u00e3o pode ter realizado dois anos de est\u00e1gio n\u00e3o obrigat\u00f3rio pela Central de Est\u00e1gio do Estado do Paran\u00e1 no n\u00edvel exigido para a vaga. <\/span><\/li>\n<li><span style=\"font-family: verdana, geneva, sans-serif;font-size: 12pt\">Tamb\u00e9m n\u00e3o pode ter v\u00ednculo empregat\u00edcio ou receber qualquer outra modalidade de bolsa vinculada a projetos.<\/span><\/li>\n<\/ul>\n<p><strong><span style=\"font-family: verdana, geneva, sans-serif;font-size: 12pt\">RESERVA DE VAGAS PARA AFRODESCENDENTES<\/span><\/strong><\/p>\n<p><span style=\"font-family: verdana, geneva, sans-serif;font-size: 12pt\">Fica reservado aos candidatos afrodescendentes, ou seja, aqueles que se declararem pretos ou pardos, o percentual de 10% do total de vagas oferecidas. Para este processo seletivo, ser\u00e1 reservada uma vaga para afrodescendentes. O sorteio p\u00fablico para defini\u00e7\u00e3o das vagas para afrodescendentes ocorrer\u00e1 no dia 24 de mar\u00e7o de 2026, \u00e0s 15h, na Sala de Reuni\u00f5es da Dire\u00e7\u00e3o do Campus Luiz Meneghel. Os candidatos que desejarem concorrer \u00e0s vagas reservadas dever\u00e3o preencher, assinar e enviar a autodeclara\u00e7\u00e3o dispon\u00edvel no edital para o e-mail coordenacaoadm@uenp.edu.br. Os candidatos autodeclarados passar\u00e3o por uma banca de heteroidentifica\u00e7\u00e3o fenot\u00edpica para valida\u00e7\u00e3o da autodeclara\u00e7\u00e3o.<\/span><\/p>\n<p><strong><span style=\"font-family: verdana, geneva, sans-serif;font-size: 12pt\">DOCUMENTOS PARA CONTRATA\u00c7\u00c3O<\/span><\/strong><\/p>\n<p><span style=\"font-family: verdana, geneva, sans-serif;font-size: 12pt\">No momento da contrata\u00e7\u00e3o, os candidatos aprovados dever\u00e3o apresentar:<\/span><\/p>\n<ul>\n<li><span style=\"font-family: verdana, geneva, sans-serif;font-size: 12pt\">Comprovante de matr\u00edcula;<\/span><\/li>\n<li><span style=\"font-family: verdana, geneva, sans-serif;font-size: 12pt\">Comprovante de conta corrente ou universit\u00e1ria no Banco do Brasil (n\u00e3o pode ser Conta F\u00e1cil);<\/span><\/li>\n<li><span style=\"font-family: verdana, geneva, sans-serif;font-size: 12pt\">RG;<\/span><\/li>\n<li><span style=\"font-family: verdana, geneva, sans-serif;font-size: 12pt\">CPF;<\/span><\/li>\n<li><span style=\"font-family: verdana, geneva, sans-serif;font-size: 12pt\">Declara\u00e7\u00e3o de que n\u00e3o possui v\u00ednculo empregat\u00edcio;<\/span><\/li>\n<li><span style=\"font-family: verdana, geneva, sans-serif;font-size: 12pt\">Comprovante de endere\u00e7o.<\/span><\/li>\n<\/ul>\n<p><strong><span style=\"font-family: verdana, geneva, sans-serif;font-size: 12pt\">LOCAL DE ATUA\u00c7\u00c3O<\/span><\/strong><\/p>\n<p><span style=\"font-family: verdana, geneva, sans-serif;font-size: 12pt\">As atividades ser\u00e3o desenvolvidas na Biblioteca do Campus Luiz Meneghel da UENP, localizado na Rodovia BR 369, Km 54, em Bandeirantes (PR).<\/span><\/p>\n<p><strong><span style=\"font-family: verdana, geneva, sans-serif;font-size: 12pt\">MAIS INFORMA\u00c7\u00d5ES<\/span><\/strong><\/p>\n<p><span style=\"font-family: verdana, geneva, sans-serif;font-size: 12pt\">O edital completo pode ser acessado clicando <a href=\"https:\/\/uenp.edu.br\/publicacoes-oficiais-uenp\/link-doc-campi\/uenp-campus-luiz-meneghel\/uenp-clm-editais\/uenp-clm-editais-1\/uenp-clm-editais-2026\/35063-uenp-clm-edital-003-2026-selecao-de-estagiarios\/file.html\" target=\"_blank\" rel=\"noopener\">aqui<\/a>. Os casos omissos ser\u00e3o resolvidos pelos supervisores dos setores. Para mais informa\u00e7\u00f5es, entre em contato com a Equipe da Biblioteca ou acesse os canais oficiais da universidade.<\/span><\/p>\n","protected":false},"excerpt":{"rendered":"","protected":false},"author":4,"featured_media":2001,"comment_status":"closed","ping_status":"closed","sticky":false,"template":"","format":"standard","meta":{"footnotes":""},"categories":[33],"tags":[56,57,125],"class_list":["post-2000","post","type-post","status-publish","format-standard","has-post-thumbnail","hentry","category-divulgacao","tag-ensino-medio","tag-ensino-superior","tag-estagio"],"_links":{"self":[{"href":"https:\/\/sbu.uenp.edu.br\/clm\/wp-json\/wp\/v2\/posts\/2000","targetHints":{"allow":["GET"]}}],"collection":[{"href":"https:\/\/sbu.uenp.edu.br\/clm\/wp-json\/wp\/v2\/posts"}],"about":[{"href":"https:\/\/sbu.uenp.edu.br\/clm\/wp-json\/wp\/v2\/types\/post"}],"author":[{"embeddable":true,"href":"https:\/\/sbu.uenp.edu.br\/clm\/wp-json\/wp\/v2\/users\/4"}],"replies":[{"embeddable":true,"href":"https:\/\/sbu.uenp.edu.br\/clm\/wp-json\/wp\/v2\/comments?post=2000"}],"version-history":[{"count":4,"href":"https:\/\/sbu.uenp.edu.br\/clm\/wp-json\/wp\/v2\/posts\/2000\/revisions"}],"predecessor-version":[{"id":2005,"href":"https:\/\/sbu.uenp.edu.br\/clm\/wp-json\/wp\/v2\/posts\/2000\/revisions\/2005"}],"wp:featuredmedia":[{"embeddable":true,"href":"https:\/\/sbu.uenp.edu.br\/clm\/wp-json\/wp\/v2\/media\/2001"}],"wp:attachment":[{"href":"https:\/\/sbu.uenp.edu.br\/clm\/wp-json\/wp\/v2\/media?parent=2000"}],"wp:term":[{"taxonomy":"category","embeddable":true,"href":"https:\/\/sbu.uenp.edu.br\/clm\/wp-json\/wp\/v2\/categories?post=2000"},{"taxonomy":"post_tag","embeddable":true,"href":"https:\/\/sbu.uenp.edu.br\/clm\/wp-json\/wp\/v2\/tags?post=2000"}],"curies":[{"name":"wp","href":"https:\/\/api.w.org\/{rel}","templated":true}]}}