{"id":1977,"date":"2026-02-26T11:20:49","date_gmt":"2026-02-26T14:20:49","guid":{"rendered":"https:\/\/sbu.uenp.edu.br\/clm\/?p=1977"},"modified":"2026-04-14T14:11:28","modified_gmt":"2026-04-14T17:11:28","slug":"bibliolive-11-03-2026","status":"publish","type":"post","link":"https:\/\/sbu.uenp.edu.br\/clm\/divulgacao\/bibliolive-11-03-2026\/","title":{"rendered":"BiblioLIVE! | 11.03.2026"},"content":{"rendered":"<hr \/>\n<p data-pm-slice=\"1 1 []\"><span class=\"yt-core-attributed-string yt-core-attributed-string--white-space-pre-wrap\" dir=\"auto\" style=\"font-family: verdana, geneva, sans-serif\" role=\"text\">Neste webin\u00e1rio, Mateus Rebou\u00e7as Nascimento (UFR) ir\u00e1 conduzir uma reflex\u00e3o cr\u00edtica sobre os rumos da avalia\u00e7\u00e3o da produ\u00e7\u00e3o cient\u00edfica no Brasil e no mundo, com foco nas transforma\u00e7\u00f5es que marcam a chamada &#8220;era p\u00f3s-Qualis&#8221;. A partir das recentes discuss\u00f5es sobre os limites e as possibilidades de supera\u00e7\u00e3o do modelo Qualis Peri\u00f3dicos, exploraremos como pesquisadores, editoras e institui\u00e7\u00f5es podem repensar suas estrat\u00e9gias de publica\u00e7\u00e3o para ampliar o impacto e a visibilidade da ci\u00eancia.<\/span><\/p>\n<p data-pm-slice=\"1 1 []\"><span class=\"yt-core-attributed-string yt-core-attributed-string--white-space-pre-wrap\" dir=\"auto\" style=\"font-family: verdana, geneva, sans-serif\" role=\"text\">Discutiremos como indicadores alternativos, boas pr\u00e1ticas editoriais e a presen\u00e7a em plataformas internacionais v\u00eam redesenhando o mapa da comunica\u00e7\u00e3o cient\u00edfica, deslocando o foco da quantidade para a relev\u00e2ncia, da formalidade para a abertura, e da hierarquia para a diversidade de saberes.<\/span><\/p>\n<p data-pm-slice=\"1 1 []\"><span class=\"yt-core-attributed-string yt-core-attributed-string--white-space-pre-wrap\" dir=\"auto\" style=\"font-family: verdana, geneva, sans-serif\" role=\"text\">Convidamos bibliotec\u00e1rias(os), pesquisadores, docentes, estudantes de p\u00f3s-gradua\u00e7\u00e3o, editoras e editoras de peri\u00f3dicos, gestores de pesquisa e demais profissionais da informa\u00e7\u00e3o para um debate sobre:<br \/>\n\u2013 Como escolher onde publicar em um cen\u00e1rio de transi\u00e7\u00e3o de modelos avaliativos, considerando n\u00e3o apenas indexadores tradicionais, mas tamb\u00e9m m\u00e9tricas de impacto social, cient\u00edfico e regional?<br \/>\n\u2013 Quais crit\u00e9rios devem orientar a decis\u00e3o editorial em tempos de ci\u00eancia aberta, preprint, revis\u00e3o por pares aberta e diversifica\u00e7\u00e3o dos canais de comunica\u00e7\u00e3o cient\u00edfica?<br \/>\n\u2013 Como equilibrar a press\u00e3o por publica\u00e7\u00e3o internacional com o compromisso com a ci\u00eancia local, a equidade no acesso e a relev\u00e2ncia social da pesquisa?<\/span><\/p>\n<p data-pm-slice=\"1 1 []\"><span class=\"yt-core-attributed-string yt-core-attributed-string--white-space-pre-wrap\" dir=\"auto\" style=\"font-family: verdana, geneva, sans-serif\" role=\"text\">Junte-se a n\u00f3s para compreender como a escolha consciente dos canais de publica\u00e7\u00e3o pode fortalecer n\u00e3o apenas a carreira individual do pesquisador, mas tamb\u00e9m o ecossistema cient\u00edfico como um todo \u2014 tornando a ci\u00eancia mais vis\u00edvel, inclusiva e significativa em um mundo p\u00f3s-Qualis.<\/span><\/p>\n<p><span style=\"font-family: verdana, geneva, sans-serif\">Para assistir o webin\u00e1rio, clique <a href=\"https:\/\/www.youtube.com\/watch?v=AXhNVGiZRIE\" target=\"_blank\" rel=\"noopener\"><strong>aqui<\/strong><\/a>.<\/span><\/p>\n","protected":false},"excerpt":{"rendered":"","protected":false},"author":9,"featured_media":1984,"comment_status":"closed","ping_status":"closed","sticky":false,"template":"","format":"standard","meta":{"footnotes":""},"categories":[33],"tags":[85,93],"class_list":["post-1977","post","type-post","status-publish","format-standard","has-post-thumbnail","hentry","category-divulgacao","tag-ciencia-aberta","tag-webinario"],"_links":{"self":[{"href":"https:\/\/sbu.uenp.edu.br\/clm\/wp-json\/wp\/v2\/posts\/1977","targetHints":{"allow":["GET"]}}],"collection":[{"href":"https:\/\/sbu.uenp.edu.br\/clm\/wp-json\/wp\/v2\/posts"}],"about":[{"href":"https:\/\/sbu.uenp.edu.br\/clm\/wp-json\/wp\/v2\/types\/post"}],"author":[{"embeddable":true,"href":"https:\/\/sbu.uenp.edu.br\/clm\/wp-json\/wp\/v2\/users\/9"}],"replies":[{"embeddable":true,"href":"https:\/\/sbu.uenp.edu.br\/clm\/wp-json\/wp\/v2\/comments?post=1977"}],"version-history":[{"count":5,"href":"https:\/\/sbu.uenp.edu.br\/clm\/wp-json\/wp\/v2\/posts\/1977\/revisions"}],"predecessor-version":[{"id":2044,"href":"https:\/\/sbu.uenp.edu.br\/clm\/wp-json\/wp\/v2\/posts\/1977\/revisions\/2044"}],"wp:featuredmedia":[{"embeddable":true,"href":"https:\/\/sbu.uenp.edu.br\/clm\/wp-json\/wp\/v2\/media\/1984"}],"wp:attachment":[{"href":"https:\/\/sbu.uenp.edu.br\/clm\/wp-json\/wp\/v2\/media?parent=1977"}],"wp:term":[{"taxonomy":"category","embeddable":true,"href":"https:\/\/sbu.uenp.edu.br\/clm\/wp-json\/wp\/v2\/categories?post=1977"},{"taxonomy":"post_tag","embeddable":true,"href":"https:\/\/sbu.uenp.edu.br\/clm\/wp-json\/wp\/v2\/tags?post=1977"}],"curies":[{"name":"wp","href":"https:\/\/api.w.org\/{rel}","templated":true}]}}