{"id":1956,"date":"2025-12-11T11:54:40","date_gmt":"2025-12-11T14:54:40","guid":{"rendered":"https:\/\/sbu.uenp.edu.br\/clm\/?p=1956"},"modified":"2025-12-11T11:54:40","modified_gmt":"2025-12-11T14:54:40","slug":"feliz-2026","status":"publish","type":"post","link":"https:\/\/sbu.uenp.edu.br\/clm\/avisos\/feliz-2026\/","title":{"rendered":"Feliz 2026!"},"content":{"rendered":"<hr \/>\n<p><span style=\"font-family: verdana, geneva, sans-serif\">A Biblioteca informa que haver\u00e1 altera\u00e7\u00f5es em seu hor\u00e1rio de atendimento nas seguintes datas:<\/span><\/p>\n<ul>\n<li><span style=\"font-family: verdana, geneva, sans-serif\"><strong>15\/12\/2025 <\/strong>at\u00e9 <strong>18\/12\/2025<\/strong>: redu\u00e7\u00e3o do hor\u00e1rio de atendimento devido ao encerramento do ano letivo de 2025 (07:45 \u00e0s 19:00)<\/span><\/li>\n<li><span style=\"font-family: verdana, geneva, sans-serif\"><strong>16\/12\/2025<\/strong>: redu\u00e7\u00e3o do hor\u00e1rio de atendimento devido \u00e0 confraterniza\u00e7\u00e3o de servidores do CLM (07:45 \u00e0s 12:00)<\/span><\/li>\n<li><span style=\"font-family: verdana, geneva, sans-serif\"><strong>19\/12\/2025<\/strong>: Feriado Estadual (Emancipa\u00e7\u00e3o Pol\u00edtica do Paran\u00e1)<\/span><\/li>\n<li><span style=\"font-family: verdana, geneva, sans-serif\"><strong>22\/12\/2025<\/strong> at\u00e9 <strong>31\/12\/2025<\/strong>: Recesso administrativo<\/span><\/li>\n<li><span style=\"font-family: verdana, geneva, sans-serif\"><strong>05\/01\/2025<\/strong> at\u00e9 <strong>03\/02\/2026<\/strong>: F\u00e9rias coletivas<\/span><\/li>\n<\/ul>\n<p><span style=\"font-family: verdana, geneva, sans-serif\">Retornamos com nosso atendimento normalizado em <strong>04\/02\/2026<\/strong>, quarta-feira. At\u00e9 l\u00e1!<\/span><\/p>\n<p><span style=\"font-family: verdana, geneva, sans-serif\"><em>Boas festas s\u00e3o os votos de toda a Equipe da Biblioteca para a nossa Comunidade Acad\u00eamica<\/em>\u00a0\u2728<\/span><\/p>\n","protected":false},"excerpt":{"rendered":"","protected":false},"author":4,"featured_media":1957,"comment_status":"closed","ping_status":"closed","sticky":false,"template":"","format":"standard","meta":{"footnotes":""},"categories":[53],"tags":[122,45],"class_list":["post-1956","post","type-post","status-publish","format-standard","has-post-thumbnail","hentry","category-avisos","tag-feriados","tag-ferias-coletivas"],"_links":{"self":[{"href":"https:\/\/sbu.uenp.edu.br\/clm\/wp-json\/wp\/v2\/posts\/1956","targetHints":{"allow":["GET"]}}],"collection":[{"href":"https:\/\/sbu.uenp.edu.br\/clm\/wp-json\/wp\/v2\/posts"}],"about":[{"href":"https:\/\/sbu.uenp.edu.br\/clm\/wp-json\/wp\/v2\/types\/post"}],"author":[{"embeddable":true,"href":"https:\/\/sbu.uenp.edu.br\/clm\/wp-json\/wp\/v2\/users\/4"}],"replies":[{"embeddable":true,"href":"https:\/\/sbu.uenp.edu.br\/clm\/wp-json\/wp\/v2\/comments?post=1956"}],"version-history":[{"count":2,"href":"https:\/\/sbu.uenp.edu.br\/clm\/wp-json\/wp\/v2\/posts\/1956\/revisions"}],"predecessor-version":[{"id":1959,"href":"https:\/\/sbu.uenp.edu.br\/clm\/wp-json\/wp\/v2\/posts\/1956\/revisions\/1959"}],"wp:featuredmedia":[{"embeddable":true,"href":"https:\/\/sbu.uenp.edu.br\/clm\/wp-json\/wp\/v2\/media\/1957"}],"wp:attachment":[{"href":"https:\/\/sbu.uenp.edu.br\/clm\/wp-json\/wp\/v2\/media?parent=1956"}],"wp:term":[{"taxonomy":"category","embeddable":true,"href":"https:\/\/sbu.uenp.edu.br\/clm\/wp-json\/wp\/v2\/categories?post=1956"},{"taxonomy":"post_tag","embeddable":true,"href":"https:\/\/sbu.uenp.edu.br\/clm\/wp-json\/wp\/v2\/tags?post=1956"}],"curies":[{"name":"wp","href":"https:\/\/api.w.org\/{rel}","templated":true}]}}