{"id":1839,"date":"2025-08-05T08:03:35","date_gmt":"2025-08-05T11:03:35","guid":{"rendered":"https:\/\/sbu.uenp.edu.br\/clm\/?p=1839"},"modified":"2025-08-05T10:35:10","modified_gmt":"2025-08-05T13:35:10","slug":"o-futuro-do-agro-e-fair","status":"publish","type":"post","link":"https:\/\/sbu.uenp.edu.br\/clm\/divulgacao\/o-futuro-do-agro-e-fair\/","title":{"rendered":"O futuro do Agro \u00e9 FAIR!"},"content":{"rendered":"<hr \/>\n<p class=\"_ap3a _aaco _aacu _aacx _aad7 _aade\" dir=\"auto\"><span style=\"font-family: verdana, geneva, sans-serif\">No pr\u00f3ximo webin\u00e1rio da BCLM, a Dra. Debora Pignatari Drucker (Embrapa) vai explorar como os dados abertos e os Princ\u00edpios FAIR (sobre dados encontr\u00e1veis, acess\u00edveis, interoper\u00e1veis e reutiliz\u00e1veis) est\u00e3o revolucionando as Ci\u00eancias Agr\u00e1rias!<\/span><\/p>\n<p><span style=\"font-family: verdana, geneva, sans-serif\">Al\u00e9m disso, ser\u00e1 poss\u00edvel conhecer um pouco sobre a Rede GO FAIR Agro!<\/span><\/p>\n<p><span style=\"font-family: verdana, geneva, sans-serif\">Voc\u00ea poder\u00e1 contribuir ainda com um debate sobre:<\/span><br \/>\n<span style=\"font-family: verdana, geneva, sans-serif\">\u2013 \u00a0Por que dados FAIR s\u00e3o essenciais para as Ci\u00eancias Agr\u00e1rias?<\/span><br \/>\n<span style=\"font-family: verdana, geneva, sans-serif\">\u2013 Como a abertura de dados acelera pesquisas e inova\u00e7\u00e3o?<\/span><br \/>\n<span style=\"font-family: verdana, geneva, sans-serif\">\u2013 Desafios e oportunidades na gest\u00e3o de dados em Ci\u00eancias Agr\u00e1rias.<\/span><\/p>\n<p><span style=\"font-family: verdana, geneva, sans-serif\">? \u00a0Estimulamos a participa\u00e7\u00e3o de estudantes, pesquisadores, profissionais das Ci\u00eancias Agr\u00e1rias e profissionais da informa\u00e7\u00e3o para essa conversa imperd\u00edvel!<\/span><\/p>\n<p><span style=\"font-family: verdana, geneva, sans-serif\">Media\u00e7\u00e3o: Prof. Dr. Marcos Augusto Alves da Silva (UENP)<\/span><\/p>\n<p><span style=\"font-family: verdana, geneva, sans-serif\">Quando? Guarde a data:<\/span><\/p>\n<p><span style=\"font-family: verdana, geneva, sans-serif\">?\ufe0f 13\/08\/2025 (quarta-feira)<\/span><br \/>\n<span style=\"font-family: verdana, geneva, sans-serif\">\u23f0 15h<\/span><br \/>\n<span style=\"font-family: verdana, geneva, sans-serif\">?YouTube da BCLM<\/span><\/p>\n<p><span style=\"font-family: verdana, geneva, sans-serif\">\u2139\ufe0f emitiremos declara\u00e7\u00e3o de participa\u00e7\u00e3o<\/span><\/p>\n","protected":false},"excerpt":{"rendered":"","protected":false},"author":4,"featured_media":1840,"comment_status":"closed","ping_status":"closed","sticky":false,"template":"","format":"standard","meta":{"footnotes":""},"categories":[33],"tags":[23,85,89,91,90,93],"class_list":["post-1839","post","type-post","status-publish","format-standard","has-post-thumbnail","hentry","category-divulgacao","tag-agronomia","tag-ciencia-aberta","tag-gestao-de-dados","tag-principios-fair","tag-rede-go-fair-agro-brasil","tag-webinario"],"_links":{"self":[{"href":"https:\/\/sbu.uenp.edu.br\/clm\/wp-json\/wp\/v2\/posts\/1839","targetHints":{"allow":["GET"]}}],"collection":[{"href":"https:\/\/sbu.uenp.edu.br\/clm\/wp-json\/wp\/v2\/posts"}],"about":[{"href":"https:\/\/sbu.uenp.edu.br\/clm\/wp-json\/wp\/v2\/types\/post"}],"author":[{"embeddable":true,"href":"https:\/\/sbu.uenp.edu.br\/clm\/wp-json\/wp\/v2\/users\/4"}],"replies":[{"embeddable":true,"href":"https:\/\/sbu.uenp.edu.br\/clm\/wp-json\/wp\/v2\/comments?post=1839"}],"version-history":[{"count":4,"href":"https:\/\/sbu.uenp.edu.br\/clm\/wp-json\/wp\/v2\/posts\/1839\/revisions"}],"predecessor-version":[{"id":1845,"href":"https:\/\/sbu.uenp.edu.br\/clm\/wp-json\/wp\/v2\/posts\/1839\/revisions\/1845"}],"wp:featuredmedia":[{"embeddable":true,"href":"https:\/\/sbu.uenp.edu.br\/clm\/wp-json\/wp\/v2\/media\/1840"}],"wp:attachment":[{"href":"https:\/\/sbu.uenp.edu.br\/clm\/wp-json\/wp\/v2\/media?parent=1839"}],"wp:term":[{"taxonomy":"category","embeddable":true,"href":"https:\/\/sbu.uenp.edu.br\/clm\/wp-json\/wp\/v2\/categories?post=1839"},{"taxonomy":"post_tag","embeddable":true,"href":"https:\/\/sbu.uenp.edu.br\/clm\/wp-json\/wp\/v2\/tags?post=1839"}],"curies":[{"name":"wp","href":"https:\/\/api.w.org\/{rel}","templated":true}]}}