{"id":1718,"date":"2025-06-18T16:30:19","date_gmt":"2025-06-18T19:30:19","guid":{"rendered":"https:\/\/sbu.uenp.edu.br\/clm\/?p=1718"},"modified":"2025-06-18T16:35:26","modified_gmt":"2025-06-18T19:35:26","slug":"salve-na-agenda-gestao-de-residuos-na-universidade","status":"publish","type":"post","link":"https:\/\/sbu.uenp.edu.br\/clm\/divulgacao\/salve-na-agenda-gestao-de-residuos-na-universidade\/","title":{"rendered":"Salve na Agenda: Gest\u00e3o de res\u00edduos na universidade"},"content":{"rendered":"<hr \/>\n<p><span style=\"font-family: verdana, geneva, sans-serif;font-size: 12pt\">No primeiro webin\u00e1rio organizado pela Biblioteca CLM-UENP, a Profa. Dra. Ana Cec\u00edlia Hoffmann apresentar\u00e1 as iniciativas de gest\u00e3o de res\u00edduos do Programa de Sustentabilidade da UENP, desenvolvidas no Campus Luiz Meneghel, em Bandeirantes. <\/span><\/p>\n<p><span style=\"font-family: verdana, geneva, sans-serif;font-size: 12pt\">Salve na agenda: <\/span><\/p>\n<p><span style=\"font-family: verdana, geneva, sans-serif;font-size: 12pt\">?\ufe0f 25\/06\/2025 (quarta-feira) <\/span><br \/>\n<span style=\"font-family: verdana, geneva, sans-serif;font-size: 12pt\">\u23f0 10h <\/span><br \/>\n<span style=\"font-family: verdana, geneva, sans-serif;font-size: 12pt\">?YouTube da BCLM <\/span><\/p>\n<p><span style=\"font-family: verdana, geneva, sans-serif;font-size: 12pt\">\u2139\ufe0f emitiremos declara\u00e7\u00e3o de participa\u00e7\u00e3o<\/span><\/p>\n","protected":false},"excerpt":{"rendered":"","protected":false},"author":4,"featured_media":1719,"comment_status":"open","ping_status":"open","sticky":false,"template":"","format":"standard","meta":{"footnotes":""},"categories":[33],"tags":[84,83],"class_list":["post-1718","post","type-post","status-publish","format-standard","has-post-thumbnail","hentry","category-divulgacao","tag-gestao-de-residuos","tag-sustentabilidade"],"_links":{"self":[{"href":"https:\/\/sbu.uenp.edu.br\/clm\/wp-json\/wp\/v2\/posts\/1718","targetHints":{"allow":["GET"]}}],"collection":[{"href":"https:\/\/sbu.uenp.edu.br\/clm\/wp-json\/wp\/v2\/posts"}],"about":[{"href":"https:\/\/sbu.uenp.edu.br\/clm\/wp-json\/wp\/v2\/types\/post"}],"author":[{"embeddable":true,"href":"https:\/\/sbu.uenp.edu.br\/clm\/wp-json\/wp\/v2\/users\/4"}],"replies":[{"embeddable":true,"href":"https:\/\/sbu.uenp.edu.br\/clm\/wp-json\/wp\/v2\/comments?post=1718"}],"version-history":[{"count":6,"href":"https:\/\/sbu.uenp.edu.br\/clm\/wp-json\/wp\/v2\/posts\/1718\/revisions"}],"predecessor-version":[{"id":1726,"href":"https:\/\/sbu.uenp.edu.br\/clm\/wp-json\/wp\/v2\/posts\/1718\/revisions\/1726"}],"wp:featuredmedia":[{"embeddable":true,"href":"https:\/\/sbu.uenp.edu.br\/clm\/wp-json\/wp\/v2\/media\/1719"}],"wp:attachment":[{"href":"https:\/\/sbu.uenp.edu.br\/clm\/wp-json\/wp\/v2\/media?parent=1718"}],"wp:term":[{"taxonomy":"category","embeddable":true,"href":"https:\/\/sbu.uenp.edu.br\/clm\/wp-json\/wp\/v2\/categories?post=1718"},{"taxonomy":"post_tag","embeddable":true,"href":"https:\/\/sbu.uenp.edu.br\/clm\/wp-json\/wp\/v2\/tags?post=1718"}],"curies":[{"name":"wp","href":"https:\/\/api.w.org\/{rel}","templated":true}]}}