{"id":1708,"date":"2025-06-17T11:38:28","date_gmt":"2025-06-17T14:38:28","guid":{"rendered":"https:\/\/sbu.uenp.edu.br\/clm\/?p=1708"},"modified":"2025-06-17T11:38:28","modified_gmt":"2025-06-17T14:38:28","slug":"vaga-de-estagio-edital-n-017-2025","status":"publish","type":"post","link":"https:\/\/sbu.uenp.edu.br\/clm\/estagio\/vaga-de-estagio-edital-n-017-2025\/","title":{"rendered":"Vaga de est\u00e1gio (Edital N.\u00b0 017\/2025)"},"content":{"rendered":"<hr \/>\n<p>\u2728 <strong>Estamos com vaga de est\u00e1gio aberta<\/strong>\u00a0\u2728<\/p>\n<p>Venha fazer parte da Equipe da Biblioteca e contribuir para que nos tornemos um espa\u00e7o cada vez mais legal e inclusivo!<\/p>\n<p>Para mais informa\u00e7\u00f5es, acesse o edital completo do processo seletivo fazendo a leitura do c\u00f3digo QR na imagem desta postagem ou acesse o <a href=\"https:\/\/uenp.edu.br\/publicacoes-oficiais-uenp\/link-doc-campi\/uenp-campus-luiz-meneghel\/uenp-clm-editais\/uenp-clm-editais-1\/uenp-clm-editais-2025\/31732-uenp-clm-edital-017-2025-selecao-de-estagiarios\/file.html\" target=\"_blank\" rel=\"noopener\">edital de sele\u00e7\u00e3o<\/a> no site oficial da UENP.<\/p>\n<p>Inscreva-se agora mesmo pela <a href=\"https:\/\/www.centraldeestagio.pr.gov.br\/Pagina\/Ofertas-de-Vagas-de-Estagio\" target=\"_blank\" rel=\"noopener\">Central de Est\u00e1gio do Paran\u00e1<\/a> e acompanhe o processo seletivo pelo site da UENP. Ficou com d\u00favidas? Procure a Biblioteca do Campus. Temos computadores dispon\u00edveis para que voc\u00ea fa\u00e7a a sua inscri\u00e7\u00e3o aqui, caso n\u00e3o tenha acesso em casa.<\/p>\n<p>Boa sorte, nos vemos em breve! ??<\/p>\n","protected":false},"excerpt":{"rendered":"","protected":false},"author":4,"featured_media":1710,"comment_status":"open","ping_status":"open","sticky":false,"template":"","format":"standard","meta":{"footnotes":""},"categories":[55],"tags":[56,79],"class_list":["post-1708","post","type-post","status-publish","format-standard","has-post-thumbnail","hentry","category-estagio","tag-ensino-medio","tag-vagas"],"_links":{"self":[{"href":"https:\/\/sbu.uenp.edu.br\/clm\/wp-json\/wp\/v2\/posts\/1708","targetHints":{"allow":["GET"]}}],"collection":[{"href":"https:\/\/sbu.uenp.edu.br\/clm\/wp-json\/wp\/v2\/posts"}],"about":[{"href":"https:\/\/sbu.uenp.edu.br\/clm\/wp-json\/wp\/v2\/types\/post"}],"author":[{"embeddable":true,"href":"https:\/\/sbu.uenp.edu.br\/clm\/wp-json\/wp\/v2\/users\/4"}],"replies":[{"embeddable":true,"href":"https:\/\/sbu.uenp.edu.br\/clm\/wp-json\/wp\/v2\/comments?post=1708"}],"version-history":[{"count":2,"href":"https:\/\/sbu.uenp.edu.br\/clm\/wp-json\/wp\/v2\/posts\/1708\/revisions"}],"predecessor-version":[{"id":1712,"href":"https:\/\/sbu.uenp.edu.br\/clm\/wp-json\/wp\/v2\/posts\/1708\/revisions\/1712"}],"wp:featuredmedia":[{"embeddable":true,"href":"https:\/\/sbu.uenp.edu.br\/clm\/wp-json\/wp\/v2\/media\/1710"}],"wp:attachment":[{"href":"https:\/\/sbu.uenp.edu.br\/clm\/wp-json\/wp\/v2\/media?parent=1708"}],"wp:term":[{"taxonomy":"category","embeddable":true,"href":"https:\/\/sbu.uenp.edu.br\/clm\/wp-json\/wp\/v2\/categories?post=1708"},{"taxonomy":"post_tag","embeddable":true,"href":"https:\/\/sbu.uenp.edu.br\/clm\/wp-json\/wp\/v2\/tags?post=1708"}],"curies":[{"name":"wp","href":"https:\/\/api.w.org\/{rel}","templated":true}]}}