{"id":1230,"date":"2024-12-19T15:14:56","date_gmt":"2024-12-19T18:14:56","guid":{"rendered":"https:\/\/sbu.uenp.edu.br\/clm\/?p=1230"},"modified":"2024-12-19T15:20:14","modified_gmt":"2024-12-19T18:20:14","slug":"biblioteca-deseja-boas-festas","status":"publish","type":"post","link":"https:\/\/sbu.uenp.edu.br\/clm\/comunicado\/biblioteca-deseja-boas-festas\/","title":{"rendered":"Biblioteca deseja boas festas!"},"content":{"rendered":"<hr \/>\n<p><span style=\"font-family: verdana, geneva, sans-serif;font-size: 12pt\">A Biblioteca informa que n\u00e3o haver\u00e1 atendimento nas seguintes datas:<\/span><\/p>\n<ul style=\"list-style-type: square\">\n<li><span style=\"font-family: verdana, geneva, sans-serif;font-size: 12pt\"><strong>20\/12\/2024<\/strong>: Feriado estadual (Emancipa\u00e7\u00e3o Pol\u00edtica do Paran\u00e1)<\/span><\/li>\n<li><span style=\"font-family: verdana, geneva, sans-serif;font-size: 12pt\"><strong>23\/12\/2024<\/strong> at\u00e9 <strong>03\/01\/2025<\/strong>: Recesso administrativo<\/span><\/li>\n<li><span style=\"font-family: verdana, geneva, sans-serif;font-size: 12pt\"><strong>06\/01\/2025<\/strong> at\u00e9 <strong>04\/02\/2025<\/strong>: F\u00e9rias coletivas<\/span><\/li>\n<\/ul>\n<p><span style=\"font-family: verdana, geneva, sans-serif;font-size: 12pt\">Retornamos com nosso atendimento em <strong>05\/02\/2025<\/strong>, quarta-feira.<\/span><\/p>\n<p><span style=\"font-family: verdana, geneva, sans-serif;font-size: 12pt\">Boas festas e um 2025 bem informado! ?\u2728<\/span><\/p>\n","protected":false},"excerpt":{"rendered":"","protected":false},"author":4,"featured_media":1231,"comment_status":"open","ping_status":"open","sticky":false,"template":"","format":"aside","meta":{"footnotes":""},"categories":[43],"tags":[46,45,44],"class_list":["post-1230","post","type-post","status-publish","format-aside","has-post-thumbnail","hentry","category-comunicado","tag-atendimento","tag-ferias-coletivas","tag-recesso-administrativo","post_format-post-format-aside"],"_links":{"self":[{"href":"https:\/\/sbu.uenp.edu.br\/clm\/wp-json\/wp\/v2\/posts\/1230","targetHints":{"allow":["GET"]}}],"collection":[{"href":"https:\/\/sbu.uenp.edu.br\/clm\/wp-json\/wp\/v2\/posts"}],"about":[{"href":"https:\/\/sbu.uenp.edu.br\/clm\/wp-json\/wp\/v2\/types\/post"}],"author":[{"embeddable":true,"href":"https:\/\/sbu.uenp.edu.br\/clm\/wp-json\/wp\/v2\/users\/4"}],"replies":[{"embeddable":true,"href":"https:\/\/sbu.uenp.edu.br\/clm\/wp-json\/wp\/v2\/comments?post=1230"}],"version-history":[{"count":3,"href":"https:\/\/sbu.uenp.edu.br\/clm\/wp-json\/wp\/v2\/posts\/1230\/revisions"}],"predecessor-version":[{"id":1234,"href":"https:\/\/sbu.uenp.edu.br\/clm\/wp-json\/wp\/v2\/posts\/1230\/revisions\/1234"}],"wp:featuredmedia":[{"embeddable":true,"href":"https:\/\/sbu.uenp.edu.br\/clm\/wp-json\/wp\/v2\/media\/1231"}],"wp:attachment":[{"href":"https:\/\/sbu.uenp.edu.br\/clm\/wp-json\/wp\/v2\/media?parent=1230"}],"wp:term":[{"taxonomy":"category","embeddable":true,"href":"https:\/\/sbu.uenp.edu.br\/clm\/wp-json\/wp\/v2\/categories?post=1230"},{"taxonomy":"post_tag","embeddable":true,"href":"https:\/\/sbu.uenp.edu.br\/clm\/wp-json\/wp\/v2\/tags?post=1230"}],"curies":[{"name":"wp","href":"https:\/\/api.w.org\/{rel}","templated":true}]}}