{"id":1034,"date":"2024-10-23T15:16:16","date_gmt":"2024-10-23T18:16:16","guid":{"rendered":"https:\/\/sbu.uenp.edu.br\/clm\/?p=1034"},"modified":"2024-10-23T15:38:21","modified_gmt":"2024-10-23T18:38:21","slug":"cinco-pesquisadores-mais-citados-no-google-academico","status":"publish","type":"post","link":"https:\/\/sbu.uenp.edu.br\/clm\/divulgacao\/cinco-pesquisadores-mais-citados-no-google-academico\/","title":{"rendered":"CLM Faz Ci\u00eancia: cinco pesquisadores mais citados no Google Acad\u00eamico"},"content":{"rendered":"<hr \/>\n<p><span style=\"font-family: verdana, geneva, sans-serif;font-size: 12pt\">Desenvolver pesquisas em um pa\u00eds com dimens\u00f5es continentais como o nosso, requer muito esfor\u00e7o de nossos pesquisadores. Os desafios s\u00e3o diversos, mas eles continuam insistindo nessa tarefa que acaba contribuindo com todos n\u00f3s.<\/span><\/p>\n<p><span style=\"font-family: verdana, geneva, sans-serif;font-size: 12pt\">No Brasil, a universidade p\u00fablica \u00e9 um polo essencial para o ecossistema que abriga a pesquisa brasileira e hoje, a BCLM compartilha com voc\u00eas, os cinco pesquisadores mais citados do Campus Luiz Meneghel de Bandeirantes no Google Acad\u00eamico.<\/span><\/p>\n<p><span style=\"font-family: verdana, geneva, sans-serif;font-size: 12pt\">A cita\u00e7\u00e3o \u00e9 um par\u00e2metro interessante e que pode demonstrar o prest\u00edgio que nossos pesquisadores possuem em suas respectivas \u00e1reas de pesquisa e atua\u00e7\u00e3o. Para ser citado, \u00e9 necess\u00e1rio que seu trabalho seja primeiramente lido. Em uma universidade t\u00e3o jovem com a UENP, dados como estes s\u00e3o bastante significativos e apontam que estamos na dire\u00e7\u00e3o correta.<\/span><\/p>\n<p><span style=\"font-family: verdana, geneva, sans-serif;font-size: 12pt\">A nossa ideia com essa postagem \u00e9 lembrar como nossos servidores docentes, al\u00e9m de promover o ensino por meio de aulas, discuss\u00f5es, elabora\u00e7\u00f5es de provas, trabalhos e suas respectivas corre\u00e7\u00f5es, orienta\u00e7\u00f5es de trabalhos de conclus\u00e3o de curso e outros, supervis\u00f5es de est\u00e1gios; ainda desenvolvem e publicam suas pesquisas (para al\u00e9m das a\u00e7\u00f5es extensionistas, claro). Parab\u00e9ns a estes e todos os demais membros de nossa comunidade acad\u00eamica, por tanto!<\/span><\/p>\n<p><span style=\"font-family: verdana, geneva, sans-serif\">Confira a lista:<\/span><\/p>\n<ul style=\"list-style-type: square\">\n<li><strong><span style=\"font-family: verdana, geneva, sans-serif;font-size: 12pt\"><span class=\"OYPEnA font-feature-liga-off font-feature-clig-off font-feature-calt-off text-decoration-none text-strikethrough-none\">Dra. Mayra Costa da Cruz Gallo de Carvalho (<a href=\"https:\/\/scholar.google.com\/citations?hl=pt-BR&amp;user=qZkJV-sAAAAJ\" target=\"_blank\" rel=\"noopener\">+ de 650 cita\u00e7\u00f5es<\/a>)<\/span><\/span><\/strong><span style=\"font-family: verdana, geneva, sans-serif;font-size: 12pt\"><span class=\"OYPEnA font-feature-liga-off font-feature-clig-off font-feature-calt-off text-decoration-none text-strikethrough-none\">: gr<\/span><\/span><span style=\"font-family: verdana, geneva, sans-serif;font-size: 12pt\">aduada em Ci\u00eancias Biol\u00f3gicas pela Universidade Estadual de Londrina (1999), mestrado em Gen\u00e9tica e Biologia Molecular pela Universidade Estadual de Londrina (2002), doutorado em Agronomia (Gen\u00e9tica e Melhoramento de Plantas) pela Escola Superior de Agricultura &#8220;Luiz de Queiroz&#8221; &#8211; USP (2007) e p\u00f3s-doutoramento desenvolvido na EMBRAPA soja, unidade de Londrina como bolsista PNPD\/CAPES. Atuo como docente desde 2012 na Universidade Estadual do Norte do Paran\u00e1 (UENP), nos cursos de Ci\u00eancias Biol\u00f3gicas e mais recentemente no mestrado em Agronomia na linha de sanidade vegetal. Possuo experi\u00eancia na \u00e1rea de Biologia Molecular, principalmente nos seguintes temas: marcadores moleculares, clonagem, transcrit\u00f4mica, silenciamento via RNAi e superexpress\u00e3o g\u00eanica, prote\u00f4mica e bioinform\u00e1tica. Na UENP atuo administrativamente como coordenadora da ag\u00eancia de inova\u00e7\u00e3o &#8211; AITEC desde 2022 (fonte: Curr\u00edculo Lattes, 23 out. 2024).<\/span><\/li>\n<li><span style=\"font-family: verdana, geneva, sans-serif;font-size: 12pt\"><strong><span class=\"OYPEnA font-feature-liga-off font-feature-clig-off font-feature-calt-off text-decoration-none text-strikethrough-none\">Dr. Ricardo Castanho Moreira<\/span> (<a href=\"https:\/\/scholar.google.com\/citations?hl=pt-BR&amp;user=XLgVIC4AAAAJ\" target=\"_blank\" rel=\"noopener\">+ de 700 cita\u00e7\u00f5es<\/a>)<\/strong>: possui Doutorado em Enfermagem pela UFPR (2013). Possui gradua\u00e7\u00e3o em Enfermagem pela Universidade Estadual do Oeste do Paran\u00e1 (2002) e mestrado em Enfermagem pela Universidade Estadual de Maring\u00e1 (2007). Especialista em Gest\u00e3o P\u00fablica com \u00eanfase em Planejamento e Avalia\u00e7\u00e3o de Pol\u00edticas Sociais pela UEPG (2019). Especialista em Enfermagem do Trabalho; Central de Materiais, Esteriliza\u00e7\u00e3o e Recupera\u00e7\u00e3o Anest\u00e9sica; e Educa\u00e7\u00e3o para \u00e1rea da sa\u00fade. Atualmente \u00e9 Professor Associado (Cl\u00ednica M\u00e9dico-cir\u00fargica, Bioestat\u00edstica e Internato) da Universidade Estadual do Norte do Paran\u00e1. Vice-Diretor do Campus Luiz Meneghel Gest\u00e3o 2014-2018 e 2018-2022. Diretor Geral do Campus Luiz Meneghel Gest\u00e3o 2022-2026. Tem experi\u00eancia na \u00e1rea de Enfermagem, com \u00eanfase em Cuidado de enfermagem na sa\u00fade do adulto, atuando principalmente nos seguintes temas: cuidados de enfermagem a pessoas com condi\u00e7\u00f5es cr\u00f4nicas de sa\u00fade: diabetes mellitus e hipertens\u00e3o arterial; cuidados de enfermagem a pessoas com feridas; assist\u00eancia domiciliar e fam\u00edlia. Membro da Comiss\u00e3o de Especialistas das Institui\u00e7\u00f5es Estaduais de Ensino Superior do Paran\u00e1, para enfrentamento da Covid-19 (Portaria n\u00ba 153\/2020 SETI). Atua na Cl\u00ednica Universit\u00e1ria de Enfermagem e Multiprofissional da UENP. Membro do Grupo de Pesquisa &#8220;Doen\u00e7as Cr\u00f4nicas e\/ou End\u00eamicas da Regi\u00e3o Norte do Paran\u00e1&#8221; (fonte: Curr\u00edculo Lattes, 23 out. 2024).<\/span><\/li>\n<li><span class=\"OYPEnA font-feature-liga-off font-feature-clig-off font-feature-calt-off text-decoration-none text-strikethrough-none\" style=\"font-family: verdana, geneva, sans-serif;font-size: 12pt\"><strong>Dr. Thales Ricardo Rigo Barreiros (<a href=\"https:\/\/scholar.google.com\/citations?hl=pt-BR&amp;user=ZC7--k8AAAAJ\" target=\"_blank\" rel=\"noopener\">+ de 770 cita\u00e7\u00f5es<\/a>)<\/strong>: possui gradua\u00e7\u00e3o em Medicina Veterin\u00e1ria (1998), resid\u00eancia em cl\u00ednica, cirurgia e reprodu\u00e7\u00e3o de grandes animais, mestrado (2004) e doutorado em Ci\u00eancia Animal (2007) pela Universidade Estadual de Londrina. Atualmente \u00e9 Professor associado da discilplina de Fisiopatologia da Reprodu\u00e7\u00e3o Animal do curso de Medicina Veterin\u00e1ria da Universidade Estadual do Norte do Paran\u00e1 (fonte: Curr\u00edculo Lattes, 23 out. 2024).<br \/>\n<\/span><\/li>\n<li><span style=\"font-family: verdana, geneva, sans-serif;font-size: 12pt\"><strong><span class=\"OYPEnA font-feature-liga-off font-feature-clig-off font-feature-calt-off text-decoration-none text-strikethrough-none\">Dr. Rone Batista de Oliveira<\/span> (<a href=\"https:\/\/scholar.google.com\/citations?hl=pt-BR&amp;user=4vYKq6oAAAAJ\" target=\"_blank\" rel=\"noopener\">+ de 1850 cita\u00e7\u00f5es<\/a>)<\/strong>: T\u00e9cnico em Agropecu\u00e1ria pela Escola Agrot\u00e9cnica Federal de Colatina (1997), Gradua\u00e7\u00e3o em Engenharia Agron\u00f4mica (2005) e Mestrado em Produ\u00e7\u00e3o Vegetal pela UFES (2007) e Doutorado pela Universidade Estadual de S\u00e3o Paulo &#8211; UNESP, Botucatu (2011). Realizou o est\u00e1gio durante o doutoramento na Ohio State University (OSU) e United States Department of Agriculture (USDA) nos Estados Unidos na \u00e1rea de Tecnologia de Aplica\u00e7\u00e3o de agrot\u00f3xicos e Agricultura de Precis\u00e3o. Atualmente \u00e9 professor Adjunto D da Universidade Estadual do Norte do Paran\u00e1-UENP, Bandeirantes\/PR. Coordenador do Laborat\u00f3rio de Tecnologia de Aplica\u00e7\u00e3o e Agricultura de Precis\u00e3o. Coordenador do Projeto de Extens\u00e3o DESATA &#8220;Decis\u00e3o Sustent\u00e1vel e Avan\u00e7ada em Tecnologia de Aplica\u00e7\u00e3o&#8221;. Consultor de Revistas T\u00e9cnicas e Cient\u00edficas e de Funda\u00e7\u00f5es de pesquisa. Orientador de Inicia\u00e7\u00e3o Cient\u00edfica, Tecnol\u00f3gica e Mestrado em Agronomia. Tem experi\u00eancia na \u00e1rea de Agronomia, com PESQUISA e EXTENS\u00c3O em Tecnologia de Aplica\u00e7\u00e3o (An\u00e1lises de qualidade e perdas, Deriva, Adjuvantes Agr\u00edcolas e Misturas em tanque), Agricultura de Precis\u00e3o (Desenvolvimento de sensores) e Estat\u00edstica (B\u00e1sica, Experimental e Multivariada) &#8211; <span class=\"OYPEnA font-feature-liga-off font-feature-clig-off font-feature-calt-off text-decoration-none text-strikethrough-none\">(fonte: Curr\u00edculo Lattes, 23 out. 2024).<\/span><\/span><\/li>\n<li><span style=\"font-family: verdana, geneva, sans-serif;font-size: 12pt\"><strong><span class=\"OYPEnA font-feature-liga-off font-feature-clig-off font-feature-calt-off text-decoration-none text-strikethrough-none\">Dra. Maria Jos\u00e9 Quina Galdino<\/span> (<a href=\"https:\/\/scholar.google.com\/citations?hl=pt-BR&amp;user=iKDIH4MAAAAJ\" target=\"_blank\" rel=\"noopener\">+ de 2260 cita\u00e7\u00f5es<\/a>)<\/strong>: Graduada em Enfermagem pela Universidade Estadual do Norte do Paran\u00e1 (2006). Especialista em Enfermagem do Trabalho (2008). Mestre em Enfermagem pela Universidade Estadual de Londrina (2015). Doutora em Enfermagem pela Universidade Estadual de Maring\u00e1 (2019). Atualmente \u00e9 Professora Adjunta na Universidade Estadual do Norte do Paran\u00e1 (UENP). L\u00edder do Grupo de Pesquisa em Ensino, Sa\u00fade e Trabalho (GESAT). Tem experi\u00eancia na \u00e1rea de Enfermagem e Ensino, atuando principalmente em fundamentos de enfermagem, gest\u00e3o dos servi\u00e7os de sa\u00fade e sa\u00fade do trabalhador com o tema riscos ocupacionais psicossociais, sobretudo s\u00edndrome de burnout <span class=\"OYPEnA font-feature-liga-off font-feature-clig-off font-feature-calt-off text-decoration-none text-strikethrough-none\">(fonte: Curr\u00edculo Lattes, 23 out. 2024).<\/span><\/span><\/li>\n<\/ul>\n<p><span class=\"_ap3a _aaco _aacu _aacx _aad7 _aade\" dir=\"auto\" style=\"font-family: verdana, geneva, sans-serif;font-size: 12pt\">Obs.: para a coleta dos dados, n\u00e3o foram utilizados filtros de curso, apenas de Campus da UENP. Confira a lista completa clicando <a href=\"https:\/\/scholar.google.com\/citations?view_op=view_org&amp;org=12221608186824116340&amp;hl=pt-BR&amp;oi=io\" target=\"_blank\" rel=\"noopener\">aqui<\/a>.<\/span><\/p>\n","protected":false},"excerpt":{"rendered":"","protected":false},"author":4,"featured_media":1035,"comment_status":"open","ping_status":"open","sticky":false,"template":"","format":"standard","meta":{"footnotes":""},"categories":[33],"tags":[38,36,41],"class_list":["post-1034","post","type-post","status-publish","format-standard","has-post-thumbnail","hentry","category-divulgacao","tag-citacao","tag-google-academico","tag-pesquisa"],"_links":{"self":[{"href":"https:\/\/sbu.uenp.edu.br\/clm\/wp-json\/wp\/v2\/posts\/1034","targetHints":{"allow":["GET"]}}],"collection":[{"href":"https:\/\/sbu.uenp.edu.br\/clm\/wp-json\/wp\/v2\/posts"}],"about":[{"href":"https:\/\/sbu.uenp.edu.br\/clm\/wp-json\/wp\/v2\/types\/post"}],"author":[{"embeddable":true,"href":"https:\/\/sbu.uenp.edu.br\/clm\/wp-json\/wp\/v2\/users\/4"}],"replies":[{"embeddable":true,"href":"https:\/\/sbu.uenp.edu.br\/clm\/wp-json\/wp\/v2\/comments?post=1034"}],"version-history":[{"count":5,"href":"https:\/\/sbu.uenp.edu.br\/clm\/wp-json\/wp\/v2\/posts\/1034\/revisions"}],"predecessor-version":[{"id":1040,"href":"https:\/\/sbu.uenp.edu.br\/clm\/wp-json\/wp\/v2\/posts\/1034\/revisions\/1040"}],"wp:featuredmedia":[{"embeddable":true,"href":"https:\/\/sbu.uenp.edu.br\/clm\/wp-json\/wp\/v2\/media\/1035"}],"wp:attachment":[{"href":"https:\/\/sbu.uenp.edu.br\/clm\/wp-json\/wp\/v2\/media?parent=1034"}],"wp:term":[{"taxonomy":"category","embeddable":true,"href":"https:\/\/sbu.uenp.edu.br\/clm\/wp-json\/wp\/v2\/categories?post=1034"},{"taxonomy":"post_tag","embeddable":true,"href":"https:\/\/sbu.uenp.edu.br\/clm\/wp-json\/wp\/v2\/tags?post=1034"}],"curies":[{"name":"wp","href":"https:\/\/api.w.org\/{rel}","templated":true}]}}